{"id":153,"date":"2022-03-10T16:10:22","date_gmt":"2022-03-10T19:10:22","guid":{"rendered":"http:\/\/www.meet.com.br\/?page_id=153"},"modified":"2022-03-10T16:10:22","modified_gmt":"2022-03-10T19:10:22","slug":"finalidade","status":"publish","type":"post","link":"http:\/\/www.meet.com.br\/index.php\/2022\/03\/10\/finalidade\/","title":{"rendered":"FINALIDADE"},"content":{"rendered":"<ul>\n<li>\u00a0Pesquisas Cient\u00edficas e Desenvolvimento Tecnol\u00f3gico\/ Inova\u00e7\u00e3o<\/li>\n<li>\u00a0Projetos que envolvam o Meio Ambiente, dentro da responsabilidade socioambiental<\/li>\n<li>Sensibiliza\u00e7\u00e3o e Educa\u00e7\u00e3o para a Sustentabilidade dentro de uma nova CONSCI\u00caNCIA ECOL\u00d3GICA<\/li>\n<li>\u00a0Instrutorias e capacita\u00e7\u00e3o de Recursos Humanos (corpo Docente e Discente)<\/li>\n<li>Promo\u00e7\u00e3o do pensamento anal\u00edtico<\/li>\n<li>Produ\u00e7\u00e3o, divulga\u00e7\u00e3o e difus\u00e3o de conhecimentos t\u00e9cnicos e cient\u00edficos<\/li>\n<li>Promo\u00e7\u00e3o do desenvolvimento t\u00e9cnico, cultural, tur\u00edstico e socioambiental atrav\u00e9s da capacita\u00e7\u00e3o e a constru\u00e7\u00e3o de novos caminhos coletivos que visem a economia criativa e solid\u00e1ria, dentro de um contexto de economia circular , bioeconomia e sustentabilidade.<\/li>\n<li>Promo\u00e7\u00e3o de \u201ceixos sustent\u00e1veis\u201d em torno das bacias hidrogr\u00e1ficas regionais de modo a conciliar o desenvolvimento econ\u00f4mico com a preserva\u00e7\u00e3o dos recursos naturais atrav\u00e9s das boas pr\u00e1ticas no com\u00e9rcio, turismo, ind\u00fastria e agricultura sustent\u00e1vel.<\/li>\n<li>Promo\u00e7\u00e3o do di\u00e1logo reflexivo entre pessoas atrav\u00e9s da educa\u00e7\u00e3o para a sustentabilidade, criando assim uma conex\u00e3o de princ\u00edpios e valores atrav\u00e9s da forma\u00e7\u00e3o democr\u00e1tica de cidad\u00e3os e cidad\u00e3s.<\/li>\n<\/ul>\n<p><img loading=\"lazy\" decoding=\"async\" class=\"alignnone size-medium wp-image-150\" src=\"http:\/\/www.meet.com.br\/wp-content\/uploads\/2020\/09\/somos_ybyras-300x77.jpg\" alt=\"somos_ybyras\" width=\"602\" height=\"155\" \/><\/p>\n<p><a href=\"http:\/\/www.meet.com.br\/index.php\/instituto-ybyra\/\">Quem Somos<\/a><br \/>\n<a href=\"http:\/\/www.meet.com.br\/index.php\/instituto-ybyra\/o-que-e-um-ybyra\/\">O que \u00e9 um YBYR\u00c1 ?<\/a><br \/>\n<a href=\"http:\/\/www.meet.com.br\/index.php\/instituto-ybyra\/o-que-buscamos\/\">O que buscamos\u00a0?<\/a><br \/>\n<a href=\"http:\/\/www.meet.com.br\/index.php\/como-atuamos\/\">Como atuamos<\/a><br \/>\n<a href=\"http:\/\/www.meet.com.br\/index.php\/instituto-ybyra\/o-sonho\/\">O sonho&#8230;<\/a><br \/>\n<a href=\"http:\/\/www.meet.com.br\/index.php\/instituto-ybyra\/o-sonho-em-evolucao\/\">O sonho em evolu\u00e7\u00e3o&#8230;<\/a><\/p>\n","protected":false},"excerpt":{"rendered":"<p>\u00a0Pesquisas Cient\u00edficas e Desenvolvimento Tecnol\u00f3gico\/ Inova\u00e7\u00e3o \u00a0Projetos que envolvam o Meio Ambiente, dentro da responsabilidade socioambiental Sensibiliza\u00e7\u00e3o e Educa\u00e7\u00e3o para a Sustentabilidade dentro de uma nova CONSCI\u00caNCIA ECOL\u00d3GICA \u00a0Instrutorias e capacita\u00e7\u00e3o de Recursos Humanos (corpo Docente e Discente) Promo\u00e7\u00e3o do pensamento anal\u00edtico Produ\u00e7\u00e3o, divulga\u00e7\u00e3o e difus\u00e3o de conhecimentos t\u00e9cnicos e cient\u00edficos Promo\u00e7\u00e3o do desenvolvimento t\u00e9cnico,&hellip;&nbsp;<a href=\"http:\/\/www.meet.com.br\/index.php\/2022\/03\/10\/finalidade\/\" class=\"\" rel=\"bookmark\">Continue a ler &raquo;<span class=\"screen-reader-text\">FINALIDADE<\/span><\/a><\/p>\n","protected":false},"author":2,"featured_media":0,"comment_status":"closed","ping_status":"closed","sticky":false,"template":"","format":"standard","meta":{"neve_meta_sidebar":"","neve_meta_container":"","neve_meta_enable_content_width":"","neve_meta_content_width":0,"neve_meta_title_alignment":"","neve_meta_author_avatar":"","neve_post_elements_order":"","neve_meta_disable_header":"","neve_meta_disable_footer":"","neve_meta_disable_title":"","footnotes":""},"categories":[1],"tags":[],"_links":{"self":[{"href":"http:\/\/www.meet.com.br\/index.php\/wp-json\/wp\/v2\/posts\/153"}],"collection":[{"href":"http:\/\/www.meet.com.br\/index.php\/wp-json\/wp\/v2\/posts"}],"about":[{"href":"http:\/\/www.meet.com.br\/index.php\/wp-json\/wp\/v2\/types\/post"}],"author":[{"embeddable":true,"href":"http:\/\/www.meet.com.br\/index.php\/wp-json\/wp\/v2\/users\/2"}],"replies":[{"embeddable":true,"href":"http:\/\/www.meet.com.br\/index.php\/wp-json\/wp\/v2\/comments?post=153"}],"version-history":[{"count":0,"href":"http:\/\/www.meet.com.br\/index.php\/wp-json\/wp\/v2\/posts\/153\/revisions"}],"wp:attachment":[{"href":"http:\/\/www.meet.com.br\/index.php\/wp-json\/wp\/v2\/media?parent=153"}],"wp:term":[{"taxonomy":"category","embeddable":true,"href":"http:\/\/www.meet.com.br\/index.php\/wp-json\/wp\/v2\/categories?post=153"},{"taxonomy":"post_tag","embeddable":true,"href":"http:\/\/www.meet.com.br\/index.php\/wp-json\/wp\/v2\/tags?post=153"}],"curies":[{"name":"wp","href":"https:\/\/api.w.org\/{rel}","templated":true}]}}