{"id":178,"date":"2022-03-10T17:35:39","date_gmt":"2022-03-10T20:35:39","guid":{"rendered":"http:\/\/www.meet.com.br\/?page_id=178"},"modified":"2022-03-10T17:35:39","modified_gmt":"2022-03-10T20:35:39","slug":"como-atuamos","status":"publish","type":"post","link":"http:\/\/www.meet.com.br\/index.php\/2022\/03\/10\/como-atuamos\/","title":{"rendered":"Como atuamos"},"content":{"rendered":"<ul>\n<li>Projetos espec\u00edficos, embasados cientificamente, elaborados pelos YBYR\u00c1s;<\/li>\n<li>Conv\u00eanio \/ sinergia com Universidades, Institutos Federais de Ensino, Autarquias, Cooperativas, Gest\u00e3o P\u00fablica, Terceiro Setor e Empresas Corporativas.<\/li>\n<li>Os projetos s\u00e3o submetidos a financiamentos de entidades publicas e\/ou privadas, nacionais e\/ou internacionais;<\/li>\n<li>Editais de convoca\u00e7\u00e3o de recursos humanos em cada projeto com gera\u00e7\u00e3o de emprego local.<\/li>\n<\/ul>\n<p style=\"text-align: center;\"><strong>CONECTAMOS PESSOAS<\/strong><\/p>\n<p style=\"text-align: center;\"><img loading=\"lazy\" decoding=\"async\" class=\"alignnone size-medium wp-image-179\" src=\"http:\/\/www.meet.com.br\/wp-content\/uploads\/2022\/03\/conectar-300x226.jpg\" alt=\"conectar\" width=\"774\" height=\"582\" \/><\/p>\n<p><a href=\"http:\/\/www.meet.com.br\/index.php\/instituto-ybyra\/\">Quem Somos<\/a><br \/>\n<a href=\"http:\/\/www.meet.com.br\/index.php\/instituto-ybyra\/o-que-e-um-ybyra\/\">O que \u00e9 um YBYR\u00c1 ?<\/a><br \/>\n<a href=\"http:\/\/www.meet.com.br\/index.php\/instituto-ybyra\/finalidade\/\">Finalidade<\/a><br \/>\n<a href=\"http:\/\/www.meet.com.br\/index.php\/instituto-ybyra\/o-que-buscamos\/\">O que buscamos\u00a0?<\/a><br \/>\n<a href=\"http:\/\/www.meet.com.br\/index.php\/instituto-ybyra\/o-sonho\/\">O sonho&#8230;<\/a><br \/>\n<a href=\"http:\/\/www.meet.com.br\/index.php\/instituto-ybyra\/o-sonho-em-evolucao\/\">O sonho em evolu\u00e7\u00e3o&#8230;<\/a><\/p>\n","protected":false},"excerpt":{"rendered":"<p>Projetos espec\u00edficos, embasados cientificamente, elaborados pelos YBYR\u00c1s; Conv\u00eanio \/ sinergia com Universidades, Institutos Federais de Ensino, Autarquias, Cooperativas, Gest\u00e3o P\u00fablica, Terceiro Setor e Empresas Corporativas. Os projetos s\u00e3o submetidos a financiamentos de entidades publicas e\/ou privadas, nacionais e\/ou internacionais; Editais de convoca\u00e7\u00e3o de recursos humanos em cada projeto com gera\u00e7\u00e3o de emprego local. CONECTAMOS PESSOAS&hellip;&nbsp;<a href=\"http:\/\/www.meet.com.br\/index.php\/2022\/03\/10\/como-atuamos\/\" class=\"\" rel=\"bookmark\">Continue a ler &raquo;<span class=\"screen-reader-text\">Como atuamos<\/span><\/a><\/p>\n","protected":false},"author":2,"featured_media":0,"comment_status":"closed","ping_status":"closed","sticky":false,"template":"","format":"standard","meta":{"neve_meta_sidebar":"","neve_meta_container":"","neve_meta_enable_content_width":"","neve_meta_content_width":0,"neve_meta_title_alignment":"","neve_meta_author_avatar":"","neve_post_elements_order":"","neve_meta_disable_header":"","neve_meta_disable_footer":"","neve_meta_disable_title":"","footnotes":""},"categories":[1],"tags":[],"_links":{"self":[{"href":"http:\/\/www.meet.com.br\/index.php\/wp-json\/wp\/v2\/posts\/178"}],"collection":[{"href":"http:\/\/www.meet.com.br\/index.php\/wp-json\/wp\/v2\/posts"}],"about":[{"href":"http:\/\/www.meet.com.br\/index.php\/wp-json\/wp\/v2\/types\/post"}],"author":[{"embeddable":true,"href":"http:\/\/www.meet.com.br\/index.php\/wp-json\/wp\/v2\/users\/2"}],"replies":[{"embeddable":true,"href":"http:\/\/www.meet.com.br\/index.php\/wp-json\/wp\/v2\/comments?post=178"}],"version-history":[{"count":0,"href":"http:\/\/www.meet.com.br\/index.php\/wp-json\/wp\/v2\/posts\/178\/revisions"}],"wp:attachment":[{"href":"http:\/\/www.meet.com.br\/index.php\/wp-json\/wp\/v2\/media?parent=178"}],"wp:term":[{"taxonomy":"category","embeddable":true,"href":"http:\/\/www.meet.com.br\/index.php\/wp-json\/wp\/v2\/categories?post=178"},{"taxonomy":"post_tag","embeddable":true,"href":"http:\/\/www.meet.com.br\/index.php\/wp-json\/wp\/v2\/tags?post=178"}],"curies":[{"name":"wp","href":"https:\/\/api.w.org\/{rel}","templated":true}]}}