{"id":352,"date":"2016-06-15T14:04:10","date_gmt":"2016-06-15T17:04:10","guid":{"rendered":"http:\/\/www.meet.com.br\/?page_id=2"},"modified":"2016-06-15T14:04:10","modified_gmt":"2016-06-15T17:04:10","slug":"pagina-exemplo","status":"publish","type":"post","link":"http:\/\/www.meet.com.br\/index.php\/2016\/06\/15\/pagina-exemplo\/","title":{"rendered":"Curriculum"},"content":{"rendered":"<p>&nbsp;<\/p>\n<p>Quem Sou :<\/p>\n<p>Rita de C\u00e1ssia Monteiro Marzullo<br \/>\nEngenheira Qu\u00edmica; Bacharel em Administra\u00e7\u00e3o de Empresas;<br \/>\nEspecialista em Planejamento Estrat\u00e9gico e Marketing;<br \/>\nMestre em Engenharia Qu\u00edmica na \u00c1rea de Preven\u00e7\u00e3o da Polui\u00e7\u00e3o;<br \/>\nDoutora em Ci\u00eancias na \u00c1rea de Sustentabilidade.<br \/>\nEspecialista em Avalia\u00e7\u00e3o do Ciclo de Vida (ACV) e Economia Circular.<\/p>\n<p><a href=\" http:\/\/lattes.cnpq.br\/9187542106109344\"> LATTES <\/a><br \/>\n<a href=\" https:\/\/br.linkedin.com\/in\/ritamonteiro\"> LINKEDIN <\/a><\/p>\n<p>FORMA\u00c7\u00c3O PROFISSIONAL<\/p>\n<p><strong>\u2022 Sustentabilidade<\/strong><\/p>\n<p>&#8211; Elabora\u00e7\u00e3o de invent\u00e1rios sobre os principais aspectos causadores de impactos socioambientais para a inser\u00e7\u00e3o de boas pr\u00e1ticas de governan\u00e7a (ESG- Environmental, Social and Governance) rumo a economia circular<br \/>\n&#8211; An\u00e1lise de Ecoefici\u00eancia<br \/>\n&#8211; Estudos de Avalia\u00e7\u00e3o de Ciclo de Vida ( ACV ) segundo crit\u00e9rios estabelecidos pela norma ISO14.040 \/14044 para a determina\u00e7\u00e3o do desempenho ambiental, social e econ\u00f4mico de produtos, processos e servi\u00e7os.<br \/>\n&#8211; Avalia\u00e7\u00e3o de impactos sobre o uso da \u00e1gua (PEGADA H\u00cdDRICA)<br \/>\n&#8211; Avalia\u00e7\u00e3o de impactos sobre o clima ( PEGADA DE CARBONO)<br \/>\n&#8211; Cr\u00e9ditos de Carbono<br \/>\n&#8211; Sistemas de Gest\u00e3o Ambiental e Governan\u00e7a Administrativa<br \/>\n&#8211; Sistemas integrados de gest\u00e3o da sustentabilidade<br \/>\n&#8211; Gerenciamento de Indicadores ESG<br \/>\n&#8211; Diretrizes do GRI\/ ETHOS\/ IBASE<br \/>\n&#8211; Responsabilidade Social Empresarial\/ Engajamento de Stakeholders\/Matriz de Materialidade<\/p>\n<p><strong>\u2022 Energia<\/strong><\/p>\n<p>&#8211; Participa\u00e7\u00e3o na elabora\u00e7\u00e3o das diretrizes de sustentabilidade da Jatropha- Curcas (Pinh\u00e3o Manso) para a BP (British Petroleum) atrav\u00e9s de peer-review para a PROFOREST- United Kingdom<br \/>\n&#8211; Participa\u00e7\u00e3o do projeto de avalia\u00e7\u00e3o do desempenho ambiental do biodiesel atrav\u00e9s da disserta\u00e7\u00e3o de mestrado: \u201cAn\u00e1lise de ecoefici\u00eancia dos \u00f3leos de soja e palma visando \u00e0 produ\u00e7\u00e3o de biodiesel\u201d.<br \/>\n&#8211; Participa\u00e7\u00e3o do projeto \u201cBiodiesel S\u00e3o Paulo\u201d da FINEP<br \/>\n&#8211; Estudos de efici\u00eancia energ\u00e9tica\/ manejo e substitui\u00e7\u00e3o de fontes<br \/>\n&#8211; Membro da equipe idealizadora de implanta\u00e7\u00e3o do Laborat\u00f3rio de Avalia\u00e7\u00e3o do Ciclo de Vida do Instituto de Energia e Ambiente da USP com apoio do CNPQ.<\/p>\n<p><strong>\u2022 Administra\u00e7\u00e3o Empresarial e Meio Ambiente<\/strong><\/p>\n<p>&#8211; An\u00e1lise dos m\u00e9todos de implanta\u00e7\u00e3o da pol\u00edtica de sustentabilidade dentro do contexto empresarial<br \/>\n&#8211; Planejamento Estrat\u00e9gico para a Sustentabilidade Empresarial<\/p>\n<p><strong>\u2022 Novos Neg\u00f3cios \/ Planejamento Estrat\u00e9gico<\/strong><\/p>\n<p>&#8211; Vis\u00e3o de neg\u00f3cio, sem perder o foco em resultados, com um pensamento anal\u00edtico de modo a se posicionar embasado em dados oriundos de fatos que permitem a leitura r\u00e1pida de diversos cen\u00e1rios de modo a possibilitar a an\u00e1lise e escolha para alterar a rota em dire\u00e7\u00e3o ao almejado sucesso.<br \/>\n&#8211; Elabora\u00e7\u00e3o de planos estrat\u00e9gicos em conjunto com os stakeholders<br \/>\n&#8211; Desenvolvimento e implanta\u00e7\u00e3o de sistema de apoio ao processo de tomada de decis\u00e3o<br \/>\n&#8211; Planejamento Estrat\u00e9gico Empresarial<\/p>\n<p><strong>\u2022 Tecnologia da Informa\u00e7\u00e3o<\/strong><\/p>\n<p>&#8211; An\u00e1lise das informa\u00e7\u00f5es armazenadas pelas empresas envolvendo toda a sua cadeia produtiva<\/p>\n<p>&#8211; Desenvolvimento e implanta\u00e7\u00e3o de projetos integrados e metodologias informatizadas<\/p>\n<p><strong>FORMA\u00c7\u00c3O ACAD\u00caMICA<\/strong><\/p>\n<p>__________________________________________________________________________________________<br \/>\nGradua\u00e7\u00e3o: Engenharia Qu\u00edmica<br \/>\nInstitui\u00e7\u00e3o: Universidade Mackenzie<br \/>\nConclus\u00e3o: Dezembro\/1987<\/p>\n<p>Gradua\u00e7\u00e3o: Bacharel em Administra\u00e7\u00e3o de Empresas<br \/>\nInstitui\u00e7\u00e3o: Universidade Mackenzie<br \/>\nConclus\u00e3o: Dezembro\/1991<\/p>\n<p>P\u00f3s-Gradua\u00e7\u00e3o: Especializa\u00e7\u00e3o &#8211; Planejamento Empresarial e Estrat\u00e9gia Competitiva<br \/>\nInstitui\u00e7\u00e3o: FGV &#8211; Funda\u00e7\u00e3o Get\u00falio Vargas<br \/>\nConclus\u00e3o: dez\/1989<\/p>\n<p>P\u00f3s-Gradua\u00e7\u00e3o: Especializa\u00e7\u00e3o \u2013 Administra\u00e7\u00e3o de Marketing para Executivos<br \/>\nInstitui\u00e7\u00e3o: FGV &#8211; Funda\u00e7\u00e3o Get\u00falio Vargas<br \/>\nConclus\u00e3o: dez\/1989<\/p>\n<p>P\u00f3s-Gradua\u00e7\u00e3o: Mestrado em Engenharia &#8211; Departamento de Eng. Qu\u00edmica<br \/>\n\u00c1rea de Preven\u00e7\u00e3o e Controle da Polui\u00e7\u00e3o \/ ACV<br \/>\nDisserta\u00e7\u00e3o: An\u00e1lise de Ecoefici\u00eancia dos \u00f3leos vegetais oriundos da soja e palma para a produ\u00e7\u00e3o de biodiesel<br \/>\nInstitui\u00e7\u00e3o: Escola Polit\u00e9cnica da Universidade de S\u00e3o Paulo ( EPUSP-POLI \/ USP)<br \/>\nConclus\u00e3o: Outubro\/2007<\/p>\n<p>Curso de Especializa\u00e7\u00e3o: Gerenciamento de Projetos<br \/>\nInstitui\u00e7\u00e3o: Clarify<br \/>\nConclus\u00e3o: novembro\/2007<\/p>\n<p>Curso de Especializa\u00e7\u00e3o: First Course on the Water Footprint methodology in Brazil &#8211;<br \/>\nInstitution: WFN \u2013 Water Footprint Network<br \/>\nConclusion: March \/ 2011<\/p>\n<p>Curso de Especializa\u00e7\u00e3o: First Training Course on Water Footprint approach with LCA \u2013<br \/>\nInstitution: Life Cycle Initiative (UNEP \/ SETAC);<br \/>\nConclusion: Mexico, 2011<\/p>\n<p>Curso de Especializa\u00e7\u00e3o: Gerenciamento de Recursos H\u00eddricos para a Am\u00e9rica Latina \u2013<br \/>\nInstitui\u00e7\u00e3o: C\u00e1tedra Unesco<br \/>\nConclus\u00e3o: jun\/2012<\/p>\n<p>Curso de Especializa\u00e7\u00e3o: Methodologies Training Course for calculating the Water Footprint with LCA approach<br \/>\nInstitution: Life Cycle Initiative (UNEP \/ SETAC);<br \/>\nConclusion: Botswana &#8211; Gaborone &#8211; Jun \/ 2013<\/p>\n<p>P\u00f3s-Gradua\u00e7\u00e3o: Doutorado em Ci\u00eancias<br \/>\n\u00c1rea de sustentabilidade \/ Avalia\u00e7\u00e3o do Ciclo de Vida \/ Pegada H\u00eddrica<br \/>\nInstitui\u00e7\u00e3o: IEE (Instituto de Energia e Ambiente da USP &#8211; Inter unidades: POLI \/FEA\/ IF)<br \/>\nTese: Metodologia para o C\u00e1lculo da Pegada H\u00eddrica Ecotoxicol\u00f3gica de produtos; Estudo Piloto para o Etanol Hidratado<br \/>\nConclus\u00e3o: novembro\/2014<\/p>\n<p>Publica\u00e7\u00f5es<\/p>\n<p>Publica\u00e7\u00e3o Internacional: Title: New method to calculate Water Ecotoxicity footprint of products: a contribution to the decision-making process toward sustainability<br \/>\nJournal of Cleaner Production 188 (2018) 888-899<\/p>\n<p>Publica\u00e7\u00e3o Internacional: Guia : Huella de Agua (ISO 14046) en Am\u00e9rica Latina y el Caribe: An\u00e1lisis y recomendaciones para una coherencia regional \u2013 2016\/2017 .Grupo de trabalho Latino Americano, com apoio da embaixada da Su\u00ed\u00e7a na Colombia, para uma coer\u00eancia regional no calculo da Pegada Hidrica<\/p>\n<p>Tese de Doutorado: \u201cMetodologia para o C\u00e1lculo da Pegada H\u00eddrica Ecotoxicol\u00f3gica de Produtos; Estudo Piloto para o Etanol Hidratado\u201d; novembro 2014<\/p>\n<p>Congresso: \u201cCaracteriza\u00e7\u00e3o dos invent\u00e1rios do ciclo de vida para avalia\u00e7\u00e3o dos impactos causados pelos m\u00faltiplos usos da \u00e1gua atrav\u00e9s do c\u00e1lculo da pegada h\u00eddrica &#8211; III Congresso Brasileiro de Avalia\u00e7\u00e3o do Ciclo de Vida \u2013 Maring\u00e1 \u2013 SC &#8211; setembro, 2012<\/p>\n<p>Congresso: \u201cDesafios Metodol\u00f3gicos para a governan\u00e7a da \u00e1gua atrav\u00e9s do monitoramento da pegada h\u00eddrica\u201d , III Congresso Internacional de Governan\u00e7a da \u00c1gua ; PROCAM\/USP; S\u00e3o Paulo-SP; novembro\/2011<\/p>\n<p>Congresso: \u201cLCA in industry: a process of sustainable evolution, 4\u00ba Congresso Internacional de Ciclo de Vida na Am\u00e9rica Latina, Coatzacoalcos-Veracruz &#8211; M\u00e9xico, abril\/2011<\/p>\n<p>Congresso: \u201cPegada H\u00eddrica da \u00c1gua:necessidade de \u00e1gua para a obten\u00e7\u00e3o de \u00e1gua\u201d, 2\u00ba Congresso Brasileiro de Gest\u00e3o do Ciclo de Vida, Florian\u00f3polis-SC, novembro\/2010<\/p>\n<p>Congresso: \u201cA import\u00e2ncia da metodologia de Avalia\u00e7\u00e3o do Ciclo de Vida para a Sustentabilidade do setor m\u00ednero-metal\u00fargico\u201d, 63\u00ba Congresso Anual da ABM ( Associa\u00e7\u00e3o Brasileira da Ind\u00fastria M\u00ednero-metal\u00fargica), Santos-SP, julho\/2008<\/p>\n<p>Congresso: \u201cA ecoefici\u00eancia na cadeia de valor do pinh\u00e3o-manso para a produ\u00e7\u00e3o de biodiesel\u201d,<br \/>\nII Jatropha World Congress, Palmas -To, junho\/2008<\/p>\n<p>.<br \/>\nDisserta\u00e7\u00e3o de Mestrado: \u201cAn\u00e1lise de Ecoefici\u00eancia dos \u00f3leos vegetais oriundos da soja e palma visando a produ\u00e7\u00e3o de biodiesel\u201d, Escola Polit\u00e9cnica da Universidade de S\u00e3o Paulo, outubro\/2007<\/p>\n<p>Congresso: \u201cInvent\u00e1rio do ciclo de vida do \u00f3leo de soja para a produ\u00e7\u00e3o de biodiesel capaz de gerar 40 MJ de energia\u201d, CILCA: Congresso Internacional de Ciclo de Vida, fevereiro\/2007<\/p>\n<p>Congresso: \u201cA.E.I. &#8211; Administra\u00e7\u00e3o Estrat\u00e9gica de Informa\u00e7\u00e3o\u201d, FENASOFT, Congresso Business- Solu\u00e7\u00f5es para Neg\u00f3cios, abril\/2002<\/p>\n<p><strong>REVISAO DE ARTIGOS<\/strong><\/p>\n<p>Journal of Cleaner Production<br \/>\nRevisor de artigo (recomenda\u00e7oes e comnet\u00e1rios); Manuscrito JCLEPRO-D-13-01525 ;Water use performance of water technologies: the Cumulative Water Demand and Water Payback Time; 2013<\/p>\n<p>Journal of Cleaner Production<br \/>\nRevisor de artigo (recomenda\u00e7oes e comnet\u00e1rios); Manuscrito JCLEPRO-D-15-03339; Knowledge and understanding of sustainability labels in Brazil; 2016<\/p>\n<p>Journal of Cleaner Production<br \/>\nRevisor de artigo (recomenda\u00e7oes e comnet\u00e1rios); Manuscrito JCLEPRO-D- 16-01756; Water footprint of hydroelectricity: a case study for two hydropower plants in the Tocantins river basin of Brazil<\/p>\n<p>Journal of Cleaner Production<br \/>\nRevisor de artigo (recomenda\u00e7oes e comnet\u00e1rios); Manuscrito JCLEPRO-D- 16-01508; Waste Management practices in the framework of Sustainable Consumption and Production in Vietnam.<\/p>\n<p><strong>IDIOMAS<\/strong><\/p>\n<p>Ingl\u00eas &#8211; Avan\u00e7ado<br \/>\nFranc\u00eas &#8211; B\u00e1sico<br \/>\nEspanhol \u2013 B\u00e1sico<\/p>\n<p><strong>Grupos de Trabalho<\/strong><\/p>\n<p>Durante o per\u00edodo de doutorado:<\/p>\n<p>ISO \/ TC207\/SC5\/WG8: membro do grupo internacional para a elabora\u00e7\u00e3o da norma ISO 14046 sobre water footprint (Delegada ABNT); coordenadora da proposta brasileira<\/p>\n<p>ABNT: membro do GT\/CB38\/SC5 \/WORK GROUP 8 &#8211; coordenadora da proposta brasileira, dentro do trabalho de coopera\u00e7\u00e3o internacional, para a cria\u00e7\u00e3o de uma nova norma sobre pegada h\u00eddrica &#8211; water footprint (ISO 14046).<\/p>\n<p>ABNT: membro do GT\/CB38\/SC5 para coopera\u00e7\u00e3o na revis\u00e3o e tradu\u00e7\u00e3o das normas sobre Avavia\u00e7\u00e3o do Ciclo de Vida (14040\/14044)<\/p>\n<p>ABNT: membro do GT\/CB38\/SC5 \/WORK GROUP 7 para coopera\u00e7\u00e3o internacional na elabora\u00e7\u00e3o da norma ISO 14045 sobre An\u00e1lise de Ecoefici\u00eancia<\/p>\n<p>ECOINVENT: membro do Editorial Board para o Brasil do ecoinvent Centre (Swiss Centre for Life Cycle Inventories)<\/p>\n<p>IEE: membro do grupo de implanta\u00e7\u00e3o do laborat\u00f3rio de ACV para a constru\u00e7\u00e3o de invent\u00e1rios brasileiros de fontes de energia.<\/p>\n<p>UNEP: membro do Grupo de Gerenciamento de Recursos da Am\u00e9rica Latina (GESRE)<\/p>\n<p>LIFE CYCLE INICIATIVE (UNEP\/SETAC) \u2013 Membro do Grupo T\u00e9cnico de avalia\u00e7\u00e3o dos multiplos usos da \u00e1gua (WULCA \u2013 Water Use im Life Cycle Assessment)<\/p>\n<p>PBACV: membro do grupo t\u00e9cnico do Programa Brasileiro de Avalia\u00e7\u00e3o do Ciclo de Vida<\/p>\n<p>Participa\u00e7\u00e3o atual:<\/p>\n<p>RAPS: Rede de A\u00e7\u00e3o Politica para a Sustentabilidade.<\/p>\n<p>Membro do Grupo de experts da Am\u00e9rica Latina em Pegada H\u00eddrica<\/p>\n<p><strong>INFORM\u00c1TICA<\/strong><\/p>\n<p>\u2022 Planilhas de c\u00e1lculo ( Excel )<br \/>\n\u2022 Editores de Texto ( Word )<br \/>\n\u2022 Softwares para apresenta\u00e7\u00e3o multim\u00eddia ( PPT )<br \/>\n\u2022 Windows \/ IOS \/ Android<br \/>\n\u2022 Softwares para edi\u00e7\u00e3o de imagens.<br \/>\n\u2022 Banco de Dados<br \/>\n\u2022 Softwares de ACV: Simapro, Gabi, Boustead<br \/>\n\u2022 GIS \u2013 Sistema de Informa\u00e7\u00f5es Georeferenciadas<\/p>\n<p><strong>EXPERI\u00caNCIA PROFISSIONAL<\/strong><\/p>\n<ul>\n<li>ABDI (Ag\u00eancia \u00a0Brasileira de Desenvolvimento Industrial) \u2013Elabora\u00e7\u00e3o do projeto \u201cDesenvolvimento Industrial no Brasil rumo \u00e0 ECONOMIA CIRCULAR atrav\u00e9s de uma Plataforma Digital de Ciclo de Vida \u2013 PDCV\u201d , Vencedora do edital \u201cMulher Empreendedora ASG\u201d, primeiro lugar na categoria \u201cGOVERNAN\u00c7A\u201d<\/li>\n<\/ul>\n<p><strong><em>Per\u00edodo: <\/em><\/strong><em>de mar\u00e7o de \u00a02022 at\u00e9 outubro de 2023<\/em><\/p>\n<p>\u2022 MEET Consultoria e treinamento (propriet\u00e1ria) \u2013 Servi\u00e7os de Consultoria em ESG e Sustentabilidade<br \/>\nSite: www.meet.com.br<\/p>\n<p>\u2022 <a href=\"http:\/\/www.meet.com.br\/index.php\/instituto-ybyra\/\">INSTITUTO YBYR\u00c1<\/a> \u2013 Organiza\u00e7\u00e3o da Sociedade Civil, sem fins lucrativos, com organiza\u00e7\u00e3o virtual, para o desenvolvimento de projetos de pesquisa cient\u00edfica na \u00e1rea de responsabilidade s\u00f3cio ambiental,com sede na cidade de Pi\u00fama-ES e membros em todo o territ\u00f3rio nacional e internacional. Co-fundadora.<br \/>\nPer\u00edodo: de 2019 at\u00e9 atualmente, tempo parcial.<\/p>\n<p>\u2022 IFES: Instituto Federal do Espirito Santo &#8211; (atualmente com possibilidade de atua\u00e7\u00e3o em projetos de extens\u00e3o universit\u00e1ria via convenio com Instituto YBYR\u00c1)<\/p>\n<p>\u2022 IEE \/ USP: Instituto de Energia e Ambiente &#8211; Laborat\u00f3rio de Avalia\u00e7\u00e3o do Ciclo de Vida (Implanta\u00e7\u00e3o e desenvolvimento t\u00e9cnico);<br \/>\nPer\u00edodo: de 11\/ 2010 at\u00e9 11\/2014 (doutoranda)<br \/>\nAtualmente: Consultora de P&amp;D<\/p>\n<p>\u2022 Funda\u00e7\u00e3o Espa\u00e7oEco (BASF); Analista de Ecoeficiencia (coordena\u00e7\u00e3o de projetos).<br \/>\nPer\u00edodo: 03\/2007 at\u00e9 04\/2012<\/p>\n<p>\u2022 BRASKEM \u2013 An\u00e1lise de Eco efici\u00eancia (Via Funda\u00e7\u00e3o Espa\u00e7o-ECO) de sacolas com diferentes tipos de mat\u00e9rias-primas<br \/>\nPer\u00edodo: de10\/2007 at\u00e9 10\/2008<\/p>\n<p>\u2022 GRUPO VOTORANTIN (metais, papel e cimento) &#8211; An\u00e1lise de Eco efici\u00eancia (via Funda\u00e7\u00e3o Espa\u00e7o-ECO)dos processos produtivos de papel, cimento e zinco<br \/>\nPer\u00edodo: de10\/2007 at\u00e9 10\/2011<\/p>\n<p>\u2022 BASF : An\u00e1lise de Eco efici\u00eancia (via Funda\u00e7ao Espa\u00e7o-ECO) de tintas a base de \u00e1gua e solventes<br \/>\nPeriodo: de10\/2007 at\u00e9 10\/2011<\/p>\n<p>\u2022 WENCO: An\u00e1lise de Eco efici\u00eancia (via Funda\u00e7ao Espa\u00e7o-ECO) de caixas transportadoras de alimentos.<br \/>\nPeriodo: de10\/2007 at\u00e9 10\/2011<\/p>\n<p>\u2022 NATURA \u2013 Consultoria para o projeto piloto de c\u00e1lculo da pegada h\u00eddrica de dois produtos<br \/>\nPer\u00edodo: de 12\/ 2009 at\u00e9 01\/2011<\/p>\n<p>\u2022 CENTRO UNIVERSIT\u00c1RIO EST\u00c1CIO UNIRADIAL ( Est\u00e1cio Participa\u00e7\u00f5es S.A.)\u2013 Docente nas disciplinas manejo de fontes de energia , qu\u00edmica ambiental, polui\u00e7\u00e3o atmosf\u00e9rica, res\u00edduos s\u00f3lidos e educa\u00e7\u00e3o ambiental dos cursos de gradua\u00e7\u00e3o Tecnol\u00f3gica em Gest\u00e3o Ambiental e Engenharia Ambiental<br \/>\nPer\u00edodo: 01\/2008 at\u00e9 06\/2010<\/p>\n<p>\u2022 FACULDADE MAGISTER \u2013 Docente na disciplina economia ambiental\/ responsabilidade social do curso de p\u00f3s-gradua\u00e7\u00e3o em Desenvolvimento Sustent\u00e1vel<br \/>\nPer\u00edodo: 2007<\/p>\n<p>\u2022 POLI\/USP \u2013 GRUPO DE PREVEN\u00c7\u00c3O DA POLUI\u00c7\u00c3O (GP2)- Pesquisadora Mestranda<br \/>\nPer\u00edodo: de 08\/ 2004 at\u00e9 10\/2007<\/p>\n<p>\u2022 SHELL BRASIL S.A. Departamento de planejamento estrat\u00e9gico\/novos neg\u00f3cios- Assessora de Novos neg\u00f3cios.<br \/>\nPer\u00edodo: De 08\/1990 at\u00e9 09\/1996.<\/p>\n<p>\u2022 INDETEX PRODUTOS QU\u00cdMICOS ( GRUPO ORMEM ELF-ATOCHEM atualmente &#8211; ARKEMA )<br \/>\n&#8211; Depto de planejamento estrat\u00e9gico\/novos neg\u00f3cios- Assessora de Novos negocios<br \/>\nPer\u00edodo: De 05\/1987 at\u00e9 08\/1990.<\/p>\n<p>\u2022 COPENOR &#8211; CIA PETROQU\u00cdMICA DO NORDESTE Per\u00edodo: De 10\/1986 at\u00e9 05\/1987.Estagi\u00e1ria<\/p>\n<p><strong>PALESTRAS PROFERIDAS<\/strong><\/p>\n<p>ANA(Ag\u00eancia Nacional da \u00c1guas) \u2013 \u201cA pegada h\u00eddrica e a ISO 14046\u201d \u2013 Primeiro Semin\u00e1rio de Contabilidade H\u00eddrica\u201d ; novembro\/2011<\/p>\n<p>FMAI (Feira de Meio Ambiente Industrial) \u2013 \u201cPegada H\u00eddrica: metodologias e normaliza\u00e7\u00e3o\u201d ; Novembro\/2011<\/p>\n<p>CNA (Confedera\u00e7\u00e3o Nacional da Agricultura) \u2013 \u201cA Pegada H\u00eddrica dentro de uma vis\u00e3o Sist\u00eamica de Ciclo de Vida\u201d ; Primeiro Semin\u00e1rio sobre Pegada H\u00eddrica ; outubro\/2011<\/p>\n<p>CNI (Confedera\u00e7\u00e3o Nacional da Ind\u00fastria) \u2013 \u201c Participa\u00e7\u00e3o Brasileira na elabora\u00e7\u00e3o da ISO 14046\u201d- Primeiro Semin\u00e1rio sobre Pegada H\u00eddrica ; maio\/2011<\/p>\n<p>Comit\u00ea de Bacia Hidrogr\u00e1fica PCJ &#8211; UNICAMP &#8211; \u201c Pegada H\u00eddrica: conceitos e metodologias\u201d Semin\u00e1rio promovido pela C\u00e2mara T\u00e9cnica de Integra\u00e7\u00e3o e Difus\u00e3o de Pesquisas e Tecnologias do\u2013 mar\u00e7o\/2012<\/p>\n<p>FIEMG \u2013 Federa\u00e7\u00e3o das Ind\u00fastrias do Estado de Minas Gerais \u2013\u201c Norma ISO 14046 de pegada H\u00eddrica\u201d Semin\u00e1rio de Normaliza\u00e7\u00e3o em Gest\u00e3o Ambiental &#8211; Belo Horizonte -MG\u2013 maio\/2012<\/p>\n<p>ORGANIZA\u00c7\u00c3O DE EVENTOS<\/p>\n<p>Primeiro Simp\u00f3sio Nacional de Avalia\u00e7\u00e3o do Ciclo de Vida de Sistemas Energ\u00e9ticos \u2013 dezembro\/2011 (USP)<\/p>\n<p>Primeiro Semin\u00e1rio Internacional de Pegada H\u00eddrica com Abordagem de ACV \u2013 novembro\/2011 (USP)<\/p>\n<p>Reuni\u00e3o Internacional para a Elabora\u00e7\u00e3o da norma ISO 14046 \u2013 novembro\/2011 (CNI)<\/p>\n<p>VIAGENS INTERNACIONAIS<\/p>\n<p>Gaborone \u2013 Botswana \u2013 Reuni\u00e3o Plen\u00e1ria Internacional do ISO TC 207 (comit\u00ea t\u00e9cnico de meio ambiente da ISO (julho\/2013); representa\u00e7\u00e3o do Brasil.<\/p>\n<p>Bangkok \u2013 Thailandia \u2013 Reuni\u00e3o Plen\u00e1ria Internacional do ISO TC 207 (comit\u00ea t\u00e9cnico de meio ambiente da ISO (julho\/2012); representa\u00e7\u00e3o do Brasil.<\/p>\n<p>Lausanne \u2013 Su\u00ed\u00e7a \u2013 Reuni\u00e3o Internacional do Grupo de trabalho para elabora\u00e7\u00e3o da nova norma ISO 14046 (janeiro\/2011) ); representa\u00e7\u00e3o do Brasil.<\/p>\n<p>Coatzacoalcos- M\u00e9xico \u2013 participa\u00e7\u00e3o no CILCA 2011 ( Congresso Internacional de Avalia\u00e7\u00e3o do Ciclo de Vida)<\/p>\n<p>Santa F\u00e9 \u2013 Argentina \u2013 Reuni\u00e3o Internacional da Am\u00e9rica Latina do Grupo de Gerenciamento de Recursos (GESRE) da UNEP (setembro\/2011) ); representa\u00e7\u00e3o do Brasil.<\/p>\n<p>Leon \u2013 M\u00e9xico \u2013 Reuni\u00e3o Plen\u00e1ria Internacional de elabora\u00e7\u00e3o da nova norma ISO 14046 sobre pegada h\u00eddrica (julho\/2010) ); representa\u00e7\u00e3o do Brasil.<\/p>\n<p>LATTES: http:\/\/lattes.cnpq.br\/9187542106109344<br \/>\nLINKEDIN: https:\/\/br.linkedin.com\/in\/ritamonteiro<\/p>\n","protected":false},"excerpt":{"rendered":"<p>&nbsp; Quem Sou : Rita de C\u00e1ssia Monteiro Marzullo Engenheira Qu\u00edmica; Bacharel em Administra\u00e7\u00e3o de Empresas; Especialista em Planejamento Estrat\u00e9gico e Marketing; Mestre em Engenharia Qu\u00edmica na \u00c1rea de Preven\u00e7\u00e3o da Polui\u00e7\u00e3o; Doutora em Ci\u00eancias na \u00c1rea de Sustentabilidade. Especialista em Avalia\u00e7\u00e3o do Ciclo de Vida (ACV) e Economia Circular. LATTES LINKEDIN FORMA\u00c7\u00c3O PROFISSIONAL \u2022&hellip;&nbsp;<a href=\"http:\/\/www.meet.com.br\/index.php\/2016\/06\/15\/pagina-exemplo\/\" class=\"\" rel=\"bookmark\">Continue a ler &raquo;<span class=\"screen-reader-text\">Curriculum<\/span><\/a><\/p>\n","protected":false},"author":2,"featured_media":0,"comment_status":"closed","ping_status":"open","sticky":false,"template":"","format":"standard","meta":{"neve_meta_sidebar":"","neve_meta_container":"","neve_meta_enable_content_width":"","neve_meta_content_width":0,"neve_meta_title_alignment":"","neve_meta_author_avatar":"","neve_post_elements_order":"","neve_meta_disable_header":"","neve_meta_disable_footer":"","neve_meta_disable_title":"","footnotes":""},"categories":[1],"tags":[],"_links":{"self":[{"href":"http:\/\/www.meet.com.br\/index.php\/wp-json\/wp\/v2\/posts\/352"}],"collection":[{"href":"http:\/\/www.meet.com.br\/index.php\/wp-json\/wp\/v2\/posts"}],"about":[{"href":"http:\/\/www.meet.com.br\/index.php\/wp-json\/wp\/v2\/types\/post"}],"author":[{"embeddable":true,"href":"http:\/\/www.meet.com.br\/index.php\/wp-json\/wp\/v2\/users\/2"}],"replies":[{"embeddable":true,"href":"http:\/\/www.meet.com.br\/index.php\/wp-json\/wp\/v2\/comments?post=352"}],"version-history":[{"count":0,"href":"http:\/\/www.meet.com.br\/index.php\/wp-json\/wp\/v2\/posts\/352\/revisions"}],"wp:attachment":[{"href":"http:\/\/www.meet.com.br\/index.php\/wp-json\/wp\/v2\/media?parent=352"}],"wp:term":[{"taxonomy":"category","embeddable":true,"href":"http:\/\/www.meet.com.br\/index.php\/wp-json\/wp\/v2\/categories?post=352"},{"taxonomy":"post_tag","embeddable":true,"href":"http:\/\/www.meet.com.br\/index.php\/wp-json\/wp\/v2\/tags?post=352"}],"curies":[{"name":"wp","href":"https:\/\/api.w.org\/{rel}","templated":true}]}}