{"id":364,"date":"2022-08-18T21:16:50","date_gmt":"2022-08-19T00:16:50","guid":{"rendered":"http:\/\/www.meet.com.br\/?p=295"},"modified":"2022-08-18T21:16:50","modified_gmt":"2022-08-19T00:16:50","slug":"como-a-agenda-asg-pode-colaborar-com-metas-claras-rumo-a-economia-circular-dentro-de-uma-visao-sistemica-de-ciclo-de-vida-em-um-processo-de-evolucao-sustentavel-para-o-capitalismo-consciente","status":"publish","type":"post","link":"http:\/\/www.meet.com.br\/index.php\/2022\/08\/18\/como-a-agenda-asg-pode-colaborar-com-metas-claras-rumo-a-economia-circular-dentro-de-uma-visao-sistemica-de-ciclo-de-vida-em-um-processo-de-evolucao-sustentavel-para-o-capitalismo-consciente\/","title":{"rendered":"Como a agenda ASG pode colaborar com metas claras rumo a economia circular :  uma vis\u00e3o sist\u00eamica de ciclo de vida em um processo de Evolu\u00e7\u00e3o Sustent\u00e1vel para o Capitalismo Consciente"},"content":{"rendered":"<p>Dra Rita de C\u00e1ssia Monteiro Marzullo<br \/>\n<a href=\"https:\/\/ccbrasil.cc\/\" rel=\"noopener\" target=\"_blank\"><img loading=\"lazy\" decoding=\"async\" class=\"alignnone size-medium wp-image-296\" src=\"http:\/\/www.meet.com.br\/wp-content\/uploads\/2022\/08\/CAPITALISMO-CONSCIENTE-Selo-Embaixadora-Fundo-branco-fcqazc-300x207.png\" alt=\"CAPITALISMO-CONSCIENTE-Selo-Embaixadora-Fundo-branco-fcqazc\" width=\"300\" height=\"207\" \/><\/a><br \/>\nO deslocamento da economia linear para uma <a href=\"https:\/\/ec.europa.eu\/eurostat\/web\/circular-economy\" target=\"_blank\" rel=\"noopener\">economia circular<\/a> requer que o processo de tomada de decis\u00e3o corporativa aconte\u00e7a de forma planejada. As boas pr\u00e1ticas Ambientais, Sociais e de Governan\u00e7a (agenda ASG ou ESG em ingl\u00eas), que agregam valor \u00e0 empresa, est\u00e3o na mira dos principais investidores do mundo inteiro. Esta conduta, expressa nesta sigla de apenas 3 letras est\u00e1 <a href=\"https:\/\/www.blackrock.com\/br\/2022-larry-fink-ceo-letter?gclid=Cj0KCQiA9OiPBhCOARIsAI0y71A4MIIFMcbvM0PEEG-0g967v9nYkLyhe8NK0ajCT4lSPeNg6mqQwIMaAo1FEALw_wcB&amp;gclsrc=aw.ds\" target=\"_blank\" rel=\"noopener\">movimentando o mercado financeiro<\/a> com a promessa de alavancar o t\u00e3o almejado \u201c<a href=\"https:\/\/sustainabledevelopment.un.org\/topics\/sustainabledevelopmentgoals\" target=\"_blank\" rel=\"noopener\">desenvolvimento sustent\u00e1vel<\/a>\u201d. Mas, quais as metas desta movimenta\u00e7\u00e3o? Os crit\u00e9rios adotados para uma empresa ser pass\u00edvel de receber investimentos ESG diferenciados s\u00e3o coerentes?<\/p>\n<p>Todo e qualquer sistema produtivo e comercial \u00e9 alicer\u00e7ado em uma matriz de \u201cENTRADAS\u201d e SA\u00cdDAS\u201d que, dentro da contabilidade financeira, proporcionam o lucro para a viabilidade econ\u00f4mica do neg\u00f3cio. Em uma contabilidade f\u00edsica das dimens\u00f5es mercadol\u00f3gicas,ambiental e social, al\u00e9m dos produtos que saem de cada sistema produtivo para o mercado, est\u00e3o as externalidades negativas (polui\u00e7\u00e3o para o ar, terra e \u00e1gua ) e as externalidades positivas (empregos, renda, giro da economia, melhoria do desempenho ambiental e social).<\/p>\n<p>O conceito de economia circular est\u00e1 intimamente ligado \u00e0 <a href=\"https:\/\/pre-sustainability.com\/articles\/complementing-the-circular-economy-with-lca\/\" target=\"_blank\" rel=\"noopener\">An\u00e1lise de Ciclo de Vida<\/a> (ACV) de produtos e vem recebendo aten\u00e7\u00e3o internacional. Este conceito parte de um modelo que maximiza o uso de recursos naturais e minimiza a gera\u00e7\u00e3o de res\u00edduos em toda a cadeia de valor de produtos atrav\u00e9s da inova\u00e7\u00e3o tecnologica. Quando o fluxo linear que resulta no final de vida \u00fatil de um produto come\u00e7a a fazer parte de um novo ciclo, v\u00e1rios benef\u00edcios s\u00e3o obtidos como a redu\u00e7\u00e3o do impacto sobre o esgotamento de recursos naturais, otimiza\u00e7\u00e3o sobre o uso da terra e redu\u00e7\u00e3o de impactos causados pelo lan\u00e7amento de poluentes na atmosfera, litosfera e hidrosfera.<\/p>\n<p>O caminho da transi\u00e7\u00e3o de nossa economia linear para uma economia que pratica a retroalimenta\u00e7\u00e3o dos fluxos de materiais e energia depende da abordagem adotada para a solu\u00e7\u00e3o dos trade-offs. Uma grande quantidade de <a href=\"https:\/\/sfmagazine.com\/post-entry\/april-2022-the-digital-transformation-of-sustainability-data\/\" target=\"_blank\" rel=\"noopener\">DADOS<\/a> ambientais, sociais e econ\u00f4micos comp\u00f5em uma infinidade de vari\u00e1veis para a resolu\u00e7\u00e3o da equa\u00e7\u00e3o da sustentabilidade . A vari\u00e1vel mais complexa, entretanto se chama \u201ccomportamento humano\u201d.<\/p>\n<p>O processo de <a href=\"http:\/\/www.meet.com.br\/index.php\/2016\/08\/03\/acv-na-industria-um-processo-de-evolucao-sustentavel\/\" target=\"_blank\" rel=\"noopener\">Evolu\u00e7\u00e3o Sustent\u00e1vel<\/a> da esp\u00e9cie humana requer uma evolu\u00e7\u00e3o na maneira de pensar e agir capaz de gerar uma mudan\u00e7a comportamental. <a href=\"https:\/\/valorinveste.globo.com\/blogs\/sonia-consiglio\/coluna\/a-teoria-da-evolucao-de-darwin-e-o-esg.ghtml\" target=\"_blank\" rel=\"noopener\">O processo evolutivo proposto pela teoria de Darwin<\/a> tamb\u00e9m ajuda a entender o movimento da sigla ESG. A evolu\u00e7\u00e3o comportamental deve ser vista como uma altera\u00e7\u00e3o, quase que cultural para uma \u201cnova percep\u00e7\u00e3o da realidade\u201d. Um \u201cnovo olhar\u201d, de forma sist\u00eamica por toda a cadeia de valor, com foco na qualidade de vida da sociedade em um regime capitalista, mas consciente sobre os <a href=\"https:\/\/bibliotecadigital.fgv.br\/ojs\/index.php\/gvexecutivo\/article\/view\/85510\/80703\" rel=\"noopener\" target=\"_blank\">limites planet\u00e1rios da economia ecol\u00f3gica<\/a> para o bem estar comum. \u00c9 preciso romper o paradigma trivial de que as a\u00e7\u00f5es de governan\u00e7a devem valorar um indicador de desempenho econ\u00f4mico de forma mais representativa do que a valora\u00e7\u00e3o de um indicador de desempenho social ou desempenho ambiental. Existe um \u201cValor Compartilhado\u201d que deve considerar as tr\u00eas esferas em equil\u00edbrio e este comportamento vai muito al\u00e9m de tentar cumprir uma mera \u201cagenda ASG\u201d. Este comportamento est\u00e1 alinhado ao <a href=\"https:\/\/ccbrasil.cc\/blog\/desmistificando-proposito-missao-visao-e-valores\/\" target=\"_blank\" rel=\"noopener\">PROP\u00d3SITO<\/a> de exist\u00eancia de cada empresa.<\/p>\n<p><a href=\"https:\/\/progesa.fia.com.br\/aspecto-social-da-agenda-esg\/\" target=\"_blank\" rel=\"noopener\">O \u201cS\u201d da sigla ASG requer criatividade e ousadia<\/a>, enquanto o \u201cA\u201d requer a vis\u00e3o de que a economia mundial e a qualidade de vida da sociedade dependem dos recursos naturais e dos servi\u00e7os ecossist\u00eamicos para sobreviver. Muito se fala sobre o impacto global das mudan\u00e7as clim\u00e1ticas causado pela emiss\u00e3o de poluentes na atmosfera, mas pouco se fala sobre o impacto local causado pela emiss\u00e3o de poluentes nos corpos h\u00eddricos de uma bacia hidrogr\u00e1fica (impactos a sa\u00fade humana e a biodiversidade). \u00c1gua \u00e9 vida e nenhum ser vivo consegue viver sem.<\/p>\n<p>Portanto, a agenda ASG pode colaborar rumo \u00e0 economia circular atrav\u00e9s do monitoramento constante, dos invent\u00e1rios de \u201centradas\u201d e \u201csa\u00eddas\u201d nas dimens\u00f5es ambiental, social e econ\u00f4mica. Monitorar os invent\u00e1rios de forma georeferenciada dentro de uma fronteira temporal pr\u00e9-estabelecida e cobrar que seus fornecedores tenham a mesma atitude, dentro da perspectiva de vis\u00e3o de ciclo de vida, j\u00e1 \u00e9 uma excelente pr\u00e1tica ASG. Ou seja, cada unidade produtiva deve monitorar todos os aspectos que ENTRAM (recursos financeiro, natural, material, energ\u00e9tico) assim como monitorar seu capital humano e social da mesma forma que monitora os aspectos que SAEM ( poluentes para a atmosfera, litosfera e hidrosfera) alocando-os adequadamente para cada produto que SAI para o mercado.<\/p>\n<p>O georefenciamento \u00e9 necess\u00e1rio para a <a href=\"http:\/\/www.meet.com.br\/index.php\/2016\/08\/03\/ciencia-e-tecnologia-construcao-e-democratizacao-da-informacao\/\" rel=\"noopener\" target=\"_blank\">governan\u00e7a da \u00e1gua<\/a> e para a governan\u00e7a sobre o uso da terra que est\u00e1 relacionado tamb\u00e9m ao <a href=\"http:\/\/www.meet.com.br\/index.php\/2022\/03\/29\/monitoramento-da-pegada-hidrica-por-bacia-hidrografica\/\" rel=\"noopener\" target=\"_blank\">uso da \u00e1gua por bacia hidrogr\u00e1fica<\/a>. De uma forma geral, o uso da terra \u00e9 um tipo de categoria de impacto que envolve tanto a ocupa\u00e7\u00e3o quanto a transforma\u00e7\u00e3o da terra para uma determinada atividade econ\u00f4mica. De uma forma mais abrangente, o uso da terra tamb\u00e9m pode considerar sua fun\u00e7\u00e3o reguladora de equil\u00edbrio dos servi\u00e7os ecossist\u00eamicos, causando assim uma externalidade positiva. Toda mudan\u00e7a no uso da terra alavanca o processo de emiss\u00f5es de poluentes com consequentes impactos na perda da biodiversidade, altera\u00e7\u00e3o da disponibilidade de \u00e1gua ( em termos quantitativos e qualitativos), altera\u00e7\u00e3o da fun\u00e7\u00e3o da terra em cada bacia hidrogr\u00e1fica, esgotamento de recursos naturais, danos em servi\u00e7os ecossist\u00eamicos, danos em biomas e danos \u00e0 sa\u00fade humana.<\/p>\n","protected":false},"excerpt":{"rendered":"<p>Dra Rita de C\u00e1ssia Monteiro Marzullo O deslocamento da economia linear para uma economia circular requer que o processo de tomada de decis\u00e3o corporativa aconte\u00e7a de forma planejada. As boas pr\u00e1ticas Ambientais, Sociais e de Governan\u00e7a (agenda ASG ou ESG em ingl\u00eas), que agregam valor \u00e0 empresa, est\u00e3o na mira dos principais investidores do mundo&hellip;&nbsp;<a href=\"http:\/\/www.meet.com.br\/index.php\/2022\/08\/18\/como-a-agenda-asg-pode-colaborar-com-metas-claras-rumo-a-economia-circular-dentro-de-uma-visao-sistemica-de-ciclo-de-vida-em-um-processo-de-evolucao-sustentavel-para-o-capitalismo-consciente\/\" class=\"\" rel=\"bookmark\">Continue a ler &raquo;<span class=\"screen-reader-text\">Como a agenda ASG pode colaborar com metas claras rumo a economia circular :  uma vis\u00e3o sist\u00eamica de ciclo de vida em um processo de Evolu\u00e7\u00e3o Sustent\u00e1vel para o Capitalismo Consciente<\/span><\/a><\/p>\n","protected":false},"author":2,"featured_media":311,"comment_status":"open","ping_status":"open","sticky":false,"template":"","format":"standard","meta":{"neve_meta_sidebar":"","neve_meta_container":"","neve_meta_enable_content_width":"","neve_meta_content_width":0,"neve_meta_title_alignment":"","neve_meta_author_avatar":"","neve_post_elements_order":"","neve_meta_disable_header":"","neve_meta_disable_footer":"","neve_meta_disable_title":"","footnotes":""},"categories":[3],"tags":[],"_links":{"self":[{"href":"http:\/\/www.meet.com.br\/index.php\/wp-json\/wp\/v2\/posts\/364"}],"collection":[{"href":"http:\/\/www.meet.com.br\/index.php\/wp-json\/wp\/v2\/posts"}],"about":[{"href":"http:\/\/www.meet.com.br\/index.php\/wp-json\/wp\/v2\/types\/post"}],"author":[{"embeddable":true,"href":"http:\/\/www.meet.com.br\/index.php\/wp-json\/wp\/v2\/users\/2"}],"replies":[{"embeddable":true,"href":"http:\/\/www.meet.com.br\/index.php\/wp-json\/wp\/v2\/comments?post=364"}],"version-history":[{"count":0,"href":"http:\/\/www.meet.com.br\/index.php\/wp-json\/wp\/v2\/posts\/364\/revisions"}],"wp:featuredmedia":[{"embeddable":true,"href":"http:\/\/www.meet.com.br\/index.php\/wp-json\/wp\/v2\/posts\/311"}],"wp:attachment":[{"href":"http:\/\/www.meet.com.br\/index.php\/wp-json\/wp\/v2\/media?parent=364"}],"wp:term":[{"taxonomy":"category","embeddable":true,"href":"http:\/\/www.meet.com.br\/index.php\/wp-json\/wp\/v2\/categories?post=364"},{"taxonomy":"post_tag","embeddable":true,"href":"http:\/\/www.meet.com.br\/index.php\/wp-json\/wp\/v2\/tags?post=364"}],"curies":[{"name":"wp","href":"https:\/\/api.w.org\/{rel}","templated":true}]}}